{"id":688,"date":"2020-05-04T21:03:08","date_gmt":"2020-05-04T19:03:08","guid":{"rendered":"https:\/\/chemin-exploitation-et-randonnee-montbazin.com\/?p=688"},"modified":"2023-05-03T13:31:15","modified_gmt":"2023-05-03T11:31:15","slug":"dangers-et-risques-des-argiles","status":"publish","type":"post","link":"https:\/\/chemin-exploitation-et-randonnee-montbazin.com\/index.php\/2020\/05\/04\/dangers-et-risques-des-argiles\/","title":{"rendered":"Sols argileux : <strong>Attention DANGER ?<strong\/>"},"content":{"rendered":"\n\n\n<div style=\"height:72px\" aria-hidden=\"true\" class=\"wp-block-spacer\"><\/div>\n\n\n\n<div class=\"wp-container-1 wp-block-group\"><div class=\"wp-block-group__inner-container\">\n<p style=\"text-align: center;\">Je vous invite \u00e0 parcourir ces diff\u00e9rents sites pour mieux <b>appr\u00e9hender<\/b> les possibles risques li\u00e9s aux argiles sur Montbazin, le fameux <b>retrait-gonflement des argiles !<br><\/b><\/p>\n<\/div><\/div>\n\n\n\n<h2 class=\"has-text-align-center\">Qu\u2019es aqu\u00f2 ?<\/h2>\n\n\n\n<div class=\"wp-block-kadence-icon kt-svg-icons kt-svg-icons_98b4ac-95 aligncenter\" style=\"text-align:center\"><div class=\"kt-svg-style-default kt-svg-icon-wrap kt-svg-item-0\"><div style=\"display:inline-flex;justify-content:center;align-items:center;color:#c31823\" class=\"kt-svg-icon kt-svg-icon-fe_cornerRightDown\"><svg style=\"display:inline-block;vertical-align:middle\" viewbox=\"0 0 24 24\" height=\"50\" width=\"50\" fill=\"none\" stroke=\"currentColor\" xmlns=\"http:\/\/www.w3.org\/2000\/svg\" stroke-width=\"2\" stroke-linecap=\"round\" stroke-linejoin=\"round\" aria-hidden=\"true\"><polyline points=\"10 15 15 20 20 15\"><\/polyline><path d=\"M4 4h7a4 4 0 0 1 4 4v12\"><\/path><\/svg><\/div><\/div><\/div>\n\n\n\n<figure class=\"wp-block-image alignwide size-large\"><img loading=\"lazy\" width=\"903\" height=\"382\" src=\"https:\/\/chemin-exploitation-et-randonnee-montbazin.com\/wp-content\/uploads\/2020\/05\/catastrophe-naturelle-argile-montbazin.png\" alt=\"\" class=\"wp-image-724\" srcset=\"https:\/\/chemin-exploitation-et-randonnee-montbazin.com\/wp-content\/uploads\/2020\/05\/catastrophe-naturelle-argile-montbazin.png 903w, https:\/\/chemin-exploitation-et-randonnee-montbazin.com\/wp-content\/uploads\/2020\/05\/catastrophe-naturelle-argile-montbazin-300x127.png 300w, https:\/\/chemin-exploitation-et-randonnee-montbazin.com\/wp-content\/uploads\/2020\/05\/catastrophe-naturelle-argile-montbazin-768x325.png 768w\" sizes=\"(max-width: 903px) 100vw, 903px\" \/><figcaption><strong>Source : www.ecologique-solidaire.gouv.fr<\/strong><\/figcaption><\/figure>\n\n\n\n<div class=\"wp-block-kadence-icon kt-svg-icons kt-svg-icons_278564-9d aligncenter\" style=\"text-align:center\"><div class=\"kt-svg-style-default kt-svg-icon-wrap kt-svg-item-0\"><div style=\"display:inline-flex;justify-content:center;align-items:center;color:#c31823\" class=\"kt-svg-icon kt-svg-icon-fe_cornerRightDown\"><svg style=\"display:inline-block;vertical-align:middle\" viewbox=\"0 0 24 24\" height=\"50\" width=\"50\" fill=\"none\" stroke=\"currentColor\" xmlns=\"http:\/\/www.w3.org\/2000\/svg\" stroke-width=\"2\" stroke-linecap=\"round\" stroke-linejoin=\"round\" aria-hidden=\"true\"><polyline points=\"10 15 15 20 20 15\"><\/polyline><path d=\"M4 4h7a4 4 0 0 1 4 4v12\"><\/path><\/svg><\/div><\/div><\/div>\n\n\n\n<h2 class=\"has-text-align-center\"><strong>G\u00e9orisques<\/strong> et non z\u00e9ro risque \u00e0 Montbazin ? <\/h2>\n\n\n\n<p class=\"has-text-align-center\"><strong>Montbazin en zone orange soit l&rsquo;avant dernier degr\u00e9 du risque<\/strong> <strong><mark>\u00ab\u00a0retrait-gonflement des argiles\u00a0\u00bb ? <\/mark><\/strong><\/p>\n\n\n\n<figure class=\"wp-block-image alignwide size-large\"><a href=\"https:\/\/www.georisques.gouv.fr\/dossiers\/argiles\/carte#\/com\/34165\" target=\"_blank\" rel=\"noopener noreferrer\"><img loading=\"lazy\" width=\"1024\" height=\"435\" src=\"https:\/\/chemin-exploitation-et-randonnee-montbazin.com\/wp-content\/uploads\/2020\/05\/retrait-gonflement-des-argiles-Montbazin-1024x435.png\" alt=\"\" class=\"wp-image-722\" srcset=\"https:\/\/chemin-exploitation-et-randonnee-montbazin.com\/wp-content\/uploads\/2020\/05\/retrait-gonflement-des-argiles-Montbazin-1024x435.png 1024w, https:\/\/chemin-exploitation-et-randonnee-montbazin.com\/wp-content\/uploads\/2020\/05\/retrait-gonflement-des-argiles-Montbazin-300x127.png 300w, https:\/\/chemin-exploitation-et-randonnee-montbazin.com\/wp-content\/uploads\/2020\/05\/retrait-gonflement-des-argiles-Montbazin-768x326.png 768w, https:\/\/chemin-exploitation-et-randonnee-montbazin.com\/wp-content\/uploads\/2020\/05\/retrait-gonflement-des-argiles-Montbazin.png 1365w\" sizes=\"(max-width: 1024px) 100vw, 1024px\" \/><\/a><\/figure>\n\n\n\n<p class=\"has-text-align-center\">Pour le v\u00e9rifier <\/p>\n\n\n\n<p class=\"has-text-align-center\"><strong>Ici &gt;<\/strong> <a aria-label=\" (opens in a new tab)\" href=\"https:\/\/www.georisques.gouv.fr\/dossiers\/argiles\/carte#\/com\/34165\" target=\"_blank\" rel=\"noreferrer noopener\" class=\"aioseop-link\">https:\/\/www.georisques.gouv.fr\/dossiers\/argiles\/carte#\/com\/34165<\/a><\/p>\n\n\n\n<div class=\"wp-block-kadence-icon kt-svg-icons kt-svg-icons_00eba4-2d aligncenter\" style=\"text-align:center\"><div class=\"kt-svg-style-default kt-svg-icon-wrap kt-svg-item-0\"><div style=\"display:inline-flex;justify-content:center;align-items:center;color:#c31823\" class=\"kt-svg-icon kt-svg-icon-fe_cornerRightDown\"><svg style=\"display:inline-block;vertical-align:middle\" viewbox=\"0 0 24 24\" height=\"50\" width=\"50\" fill=\"none\" stroke=\"currentColor\" xmlns=\"http:\/\/www.w3.org\/2000\/svg\" stroke-width=\"2\" stroke-linecap=\"round\" stroke-linejoin=\"round\" aria-hidden=\"true\"><polyline points=\"10 15 15 20 20 15\"><\/polyline><path d=\"M4 4h7a4 4 0 0 1 4 4v12\"><\/path><\/svg><\/div><\/div><\/div>\n\n\n\n<p class=\"has-text-align-center\">Mais que dit le&#8230; <\/p>\n\n\n\n<div class=\"wp-block-image\"><figure class=\"aligncenter size-large\"><img loading=\"lazy\" width=\"463\" height=\"198\" src=\"https:\/\/chemin-exploitation-et-randonnee-montbazin.com\/wp-content\/uploads\/2020\/05\/argiles-cisaillantes-montbazin.png\" alt=\"\" class=\"wp-image-728\" srcset=\"https:\/\/chemin-exploitation-et-randonnee-montbazin.com\/wp-content\/uploads\/2020\/05\/argiles-cisaillantes-montbazin.png 463w, https:\/\/chemin-exploitation-et-randonnee-montbazin.com\/wp-content\/uploads\/2020\/05\/argiles-cisaillantes-montbazin-300x128.png 300w\" sizes=\"(max-width: 463px) 100vw, 463px\" \/><\/figure><\/div>\n\n\n\n<h1 class=\"has-text-align-center\">S&rsquo;agissant des sols argileux, des s\u00e9cheresses, des pluies et des constructions.<\/h1>\n\n\n\n<p class=\"has-text-align-center\"><em>\u00ab\u00a0Les sols argileux, <strong>en cas de s\u00e9cheresse<\/strong> ou <strong>d\u2019apport massif d\u2019eau<\/strong>, peuvent fragiliser progressivement les constructions. Le Bureau de recherches g\u00e9ologiques et mini\u00e8res <strong><a href=\"https:\/\/www.brgm.fr\/regions\/reseau-regional\/occitanie\" target=\"_blank\" aria-label=\"(BRGM) (opens in a new tab)\" rel=\"noreferrer noopener\" class=\"aioseop-link\">(BRGM)<\/a><\/strong> met \u00e0 disposition une cartographie des sites pr\u00e9sentant un risque.\u00a0\u00bb<\/em> (Source <a aria-label=\" (opens in a new tab)\" href=\"https:\/\/www.cohesion-territoires.gouv.fr\/sols-argileux-secheresse-et-construction\" target=\"_blank\" rel=\"noreferrer noopener\" class=\"aioseop-link\">https:\/\/www.cohesion-territoires.gouv.fr\/sols-argileux-secheresse-et-construction<\/a>).<\/p>\n\n\n\n<div class=\"wp-block-kadence-icon kt-svg-icons kt-svg-icons_11e14a-31 aligncenter\" style=\"text-align:center\"><div class=\"kt-svg-style-default kt-svg-icon-wrap kt-svg-item-0\"><div style=\"display:inline-flex;justify-content:center;align-items:center;color:#c31823\" class=\"kt-svg-icon kt-svg-icon-fe_cornerRightDown\"><svg style=\"display:inline-block;vertical-align:middle\" viewbox=\"0 0 24 24\" height=\"50\" width=\"50\" fill=\"none\" stroke=\"currentColor\" xmlns=\"http:\/\/www.w3.org\/2000\/svg\" stroke-width=\"2\" stroke-linecap=\"round\" stroke-linejoin=\"round\" aria-hidden=\"true\"><polyline points=\"10 15 15 20 20 15\"><\/polyline><path d=\"M4 4h7a4 4 0 0 1 4 4v12\"><\/path><\/svg><\/div><\/div><\/div>\n\n\n\n<h2 class=\"has-text-align-center\"><strong>Le retrait-gonflement des argiles !<\/strong><\/h2>\n\n\n\n<h3 class=\"has-text-align-center\"><strong><mark>Un pdf \u00e0 lire pour ne pas dire je ne savais pa<\/mark><\/strong><mark class=\"kt-highlight\"><strong><mark>s<\/mark><\/strong> ?<\/mark><\/h3>\n\n\n\n<p class=\"has-text-align-center\"><strong>Ici &gt;<\/strong> <a aria-label=\" (opens in a new tab)\" href=\"https:\/\/www.ecologique-solidaire.gouv.fr\/sites\/default\/files\/dppr_secheresse_v5tbd.pdf\" target=\"_blank\" rel=\"noreferrer noopener\" class=\"aioseop-link\">https:\/\/www.ecologique-solidaire.gouv.fr\/sites\/default\/files\/dppr_secheresse_v5tbd.pdf<\/a><\/p>\n\n\n\n<div class=\"wp-block-kadence-icon kt-svg-icons kt-svg-icons_6bb33f-bb aligncenter\" style=\"text-align:center\"><div class=\"kt-svg-style-default kt-svg-icon-wrap kt-svg-item-0\"><div style=\"display:inline-flex;justify-content:center;align-items:center;color:#c31823\" class=\"kt-svg-icon kt-svg-icon-fe_cornerRightDown\"><svg style=\"display:inline-block;vertical-align:middle\" viewbox=\"0 0 24 24\" height=\"50\" width=\"50\" fill=\"none\" stroke=\"currentColor\" xmlns=\"http:\/\/www.w3.org\/2000\/svg\" stroke-width=\"2\" stroke-linecap=\"round\" stroke-linejoin=\"round\" aria-hidden=\"true\"><polyline points=\"10 15 15 20 20 15\"><\/polyline><path d=\"M4 4h7a4 4 0 0 1 4 4v12\"><\/path><\/svg><\/div><\/div><\/div>\n\n\n\n<div class=\"wp-block-image\"><figure class=\"aligncenter size-large\"><img loading=\"lazy\" width=\"411\" height=\"79\" src=\"https:\/\/chemin-exploitation-et-randonnee-montbazin.com\/wp-content\/uploads\/2020\/05\/legifrance.png\" alt=\"\" class=\"wp-image-725\" srcset=\"https:\/\/chemin-exploitation-et-randonnee-montbazin.com\/wp-content\/uploads\/2020\/05\/legifrance.png 411w, https:\/\/chemin-exploitation-et-randonnee-montbazin.com\/wp-content\/uploads\/2020\/05\/legifrance-300x58.png 300w\" sizes=\"(max-width: 411px) 100vw, 411px\" \/><\/figure><\/div>\n\n\n\n<div class=\"wp-container-2 wp-block-group\"><div class=\"wp-block-group__inner-container\">\n<h4 style=\"text-align: center;\"><span style=\"background-color: #ffff00;\"><strong>Arr\u00eat\u00e9 du 18 septembre 2018<br>portant reconnaissance de l\u2019\u00e9tat de catastrophe naturelle,<\/strong><\/span><\/h4>\n<p style=\"text-align: center;\"><span style=\"background-color: #000000;\"><strong>\u00ab\u00a0<span style=\"background-color: #ffffff; color: #ff0000;\">Mouvements de terrain diff\u00e9rentiels cons\u00e9cutifs \u00e0 la s\u00e9cheresse du 1er juillet 2017 au 30 septembre 2017&Prime; <\/span><\/strong><\/span><\/p>\n<p style=\"text-align: center;\"><strong>Montbazin figure dans cet arr\u00eat\u00e9 mais l&rsquo;avez-vous vu, su ?<\/strong><\/p>\n<p style=\"text-align: center;\"><a href=\"https:\/\/www.legifrance.gouv.fr\/affichTexte.do?cidTexte=JORFTEXT000037508366&amp;dateTexte&amp;categorieLien=id\" target=\"_blank\" rel=\"noopener noreferrer\">https:\/\/www.legifrance.gouv.fr\/affichTexte.do?cidTexte=JORFTEXT000037508366&amp;dateTexte&amp;categorieLien=id<\/a><\/p>\n<\/div><\/div>\n\n\n\n<div class=\"wp-block-kadence-icon kt-svg-icons kt-svg-icons_cf117d-7f aligncenter\" style=\"text-align:center\"><div class=\"kt-svg-style-default kt-svg-icon-wrap kt-svg-item-0\"><div style=\"display:inline-flex;justify-content:center;align-items:center;color:#c31823\" class=\"kt-svg-icon kt-svg-icon-fe_cornerRightDown\"><svg style=\"display:inline-block;vertical-align:middle\" viewbox=\"0 0 24 24\" height=\"50\" width=\"50\" fill=\"none\" stroke=\"currentColor\" xmlns=\"http:\/\/www.w3.org\/2000\/svg\" stroke-width=\"2\" stroke-linecap=\"round\" stroke-linejoin=\"round\" aria-hidden=\"true\"><polyline points=\"10 15 15 20 20 15\"><\/polyline><path d=\"M4 4h7a4 4 0 0 1 4 4v12\"><\/path><\/svg><\/div><\/div><\/div>\n\n\n\n<p class=\"has-text-align-center has-medium-font-size\"><a href=\"https:\/\/youtu.be\/mccDEwwNvEw?t=10\" target=\"_blank\" rel=\"noreferrer noopener\"><strong>https:\/\/youtu.be\/mccDEwwNvEw?t=10<\/strong><\/a><\/p>\n\n\n\n<p class=\"has-text-align-center has-medium-font-size\"><a href=\"https:\/\/www.youtube.com\/watch?v=-KIJxcFWwsQ&amp;feature=emb_logo\"><strong>https:\/\/www.youtube.com\/watch?v=-KIJxcFWwsQ&amp;fea<\/strong><\/a><a href=\"https:\/\/www.youtube.com\/watch?v=-KIJxcFWwsQ&amp;feature=emb_logo\" target=\"_blank\" rel=\"noreferrer noopener\"><strong>ture=emb_logo<\/strong><\/a><\/p>\n\n\n\n<p class=\"has-text-align-center has-medium-font-size\"><a href=\"https:\/\/www.youtube.com\/watch?v=KhNmiUtLw04\" target=\"_blank\" rel=\"noreferrer noopener\"><strong>https:\/\/www.youtube.com\/watch?v=KhNmiUtLw04<\/strong><\/a><\/p>\n\n\n\n<div style=\"height:100px\" aria-hidden=\"true\" class=\"wp-block-spacer\"><\/div>\n\n\n\n<blockquote>\n<h1><em>\u00ab\u00a0L&rsquo;ignorance m\u00e8ne \u00e0 la peur, la peur m\u00e8ne \u00e0 la haine et la haine conduit \u00e0 la violence.\u00a0\u00bb<\/em>&nbsp;<\/h1>\n<h1>Une citation d&rsquo;Averro\u00e8s<\/h1>\n<\/blockquote>\n\n\n","protected":false},"excerpt":{"rendered":"<p>Je vous invite \u00e0 parcourir ces diff\u00e9rents sites pour mieux appr\u00e9hender les possibles risques li\u00e9s aux argiles sur Montbazin, le fameux retrait-gonflement des argiles ! Qu\u2019es aqu\u00f2 ? G\u00e9orisques et non z\u00e9ro risque \u00e0 Montbazin ? Montbazin en zone orange &hellip; <a href=\"https:\/\/chemin-exploitation-et-randonnee-montbazin.com\/index.php\/2020\/05\/04\/dangers-et-risques-des-argiles\/\">Lire la suite\u00ad\u00ad<\/a><\/p>\n","protected":false},"author":1,"featured_media":0,"comment_status":"closed","ping_status":"closed","sticky":true,"template":"","format":"standard","meta":{"kt_blocks_editor_width":""},"categories":[1],"tags":[],"_links":{"self":[{"href":"https:\/\/chemin-exploitation-et-randonnee-montbazin.com\/index.php\/wp-json\/wp\/v2\/posts\/688"}],"collection":[{"href":"https:\/\/chemin-exploitation-et-randonnee-montbazin.com\/index.php\/wp-json\/wp\/v2\/posts"}],"about":[{"href":"https:\/\/chemin-exploitation-et-randonnee-montbazin.com\/index.php\/wp-json\/wp\/v2\/types\/post"}],"author":[{"embeddable":true,"href":"https:\/\/chemin-exploitation-et-randonnee-montbazin.com\/index.php\/wp-json\/wp\/v2\/users\/1"}],"replies":[{"embeddable":true,"href":"https:\/\/chemin-exploitation-et-randonnee-montbazin.com\/index.php\/wp-json\/wp\/v2\/comments?post=688"}],"version-history":[{"count":39,"href":"https:\/\/chemin-exploitation-et-randonnee-montbazin.com\/index.php\/wp-json\/wp\/v2\/posts\/688\/revisions"}],"predecessor-version":[{"id":3552,"href":"https:\/\/chemin-exploitation-et-randonnee-montbazin.com\/index.php\/wp-json\/wp\/v2\/posts\/688\/revisions\/3552"}],"wp:attachment":[{"href":"https:\/\/chemin-exploitation-et-randonnee-montbazin.com\/index.php\/wp-json\/wp\/v2\/media?parent=688"}],"wp:term":[{"taxonomy":"category","embeddable":true,"href":"https:\/\/chemin-exploitation-et-randonnee-montbazin.com\/index.php\/wp-json\/wp\/v2\/categories?post=688"},{"taxonomy":"post_tag","embeddable":true,"href":"https:\/\/chemin-exploitation-et-randonnee-montbazin.com\/index.php\/wp-json\/wp\/v2\/tags?post=688"}],"curies":[{"name":"wp","href":"https:\/\/api.w.org\/{rel}","templated":true}]}}